

{"id":5354,"date":"2019-03-14T19:14:50","date_gmt":"2019-03-14T18:14:50","guid":{"rendered":"http:\/\/www.badminton-marktheidenfeld.de\/wordpress\/?p=5354"},"modified":"2019-03-15T13:08:24","modified_gmt":"2019-03-15T12:08:24","slug":"youngster-freut-sich-auf-bundesliga-debuet","status":"publish","type":"post","link":"https:\/\/www.badminton-marktheidenfeld.de\/wordpress\/youngster-freut-sich-auf-bundesliga-debuet\/","title":{"rendered":"Youngster freut sich auf Bundesliga-Deb\u00fct"},"content":{"rendered":"\n<h3 class=\"wp-block-heading\">Samstag, 16. M\u00e4rz, 16 Uhr: TV Marktheidenfeld \u2013 SV Fischbach<\/h3>\n\n\n\n<h2 class=\"wp-block-heading\">Erste Mannschaft will den Vorsprung auf den SV Fischbach ausbauen.<\/h2>\n\n\n\n<div class=\"wp-block-image\"><figure class=\"alignright is-resized\"><img loading=\"lazy\" decoding=\"async\" src=\"https:\/\/www.badminton-marktheidenfeld.de\/wordpress\/wp-content\/uploads\/2019\/03\/IMG_2134-689x1024.jpg\" alt=\"\" class=\"wp-image-5355\" width=\"290\" height=\"431\" srcset=\"https:\/\/www.badminton-marktheidenfeld.de\/wordpress\/wp-content\/uploads\/2019\/03\/IMG_2134-689x1024.jpg 689w, https:\/\/www.badminton-marktheidenfeld.de\/wordpress\/wp-content\/uploads\/2019\/03\/IMG_2134-202x300.jpg 202w, https:\/\/www.badminton-marktheidenfeld.de\/wordpress\/wp-content\/uploads\/2019\/03\/IMG_2134-768x1141.jpg 768w, https:\/\/www.badminton-marktheidenfeld.de\/wordpress\/wp-content\/uploads\/2019\/03\/IMG_2134.jpg 1599w\" sizes=\"auto, (max-width: 290px) 100vw, 290px\" \/><figcaption>Joshua Redelbach geht am Wochenende erstmals f\u00fcr die erste Mannschaft des TVM an den Start. Foto: Thomas Fuchs.<\/figcaption><\/figure><\/div>\n\n\n\n<p>Die Bundesligasaison 2018\/ 2019 geht auf die Zielgerade. Noch drei Spiele gilt es f\u00fcr die Badminton-Asse des TV Marktheidenfeld zu absolvieren. Der Klassenerhalt ist gesichert, nun will das Team von Abteilungsleiter Karl Fuchs den vierten Tabellenplatz behaupten. Ein Heimsieg am Samstag gegen den SV Fischbach w\u00e4re daf\u00fcr von gro\u00dfer Bedeutung. F\u00fcr das Spiel gegen die Fischbacher wird der TVM erneut auf seinen besten Einzelspieler verzichten m\u00fcssen, denn Mannschaftsf\u00fchrer Tim Specht wird seinem Team am Wochenende nicht zu Verf\u00fcgung stehen. F\u00fcr ihn r\u00fcckt der 18-j\u00e4hrige Joshua Redelbach in die Mannschaft. Es ist f\u00fcr Redelbach der erste Einsatz in der 2. Badminton Bundesliga. Obwohl das Talent des TVM in dieser Saison noch vermehrt in der Bezirksoberliga an den Start ging, sieht Abteilungsleiter Karl Fuchs gro\u00dfes Potential in dem 18-J\u00e4hrigen: \u201eJoshua ist schon sehr weit f\u00fcr sein Alter und hat eine gute Entwicklung gemacht. Wir haben ihn schon des \u00d6fteren in der Regionalliga eingesetzt und wollen ihm jetzt auch eine Chance in der 2. Liga geben\u201c, erkl\u00e4rte Fuchs.<\/p>\n\n\n\n<p>In sechs Eins\u00e4tzen in der Regionalliga S\u00fcdOst Ost kann der Youngster auf eine stolze Bilanz von f\u00fcnf Siegen zur\u00fcckblicken. \u201eIch freue mich, dass ich diese Chance bekomme, noch dazu bei einem Heimspiel. Ich werde mein Bestes geben und hoffe, dass mir die Aufregung nicht im Weg steht\u201c, bemerkte Redelbach vor seinem Bundesliga-Deb\u00fct.<\/p>\n\n\n\n<p>In der Hinrunde konnten die Marktheidenfelder in Fischbach mit 4:3 gewinnen. Auch in der Tabelle steht der TVM vor den G\u00e4sten aus Rheinland-Pfalz. Nach 15 Spieltagen haben die H\u00e4defelder auf den SVF einen Vorsprung von vier Punkten, den sie am Wochenende gerne ausbauen w\u00fcrden. \u201eDas Hinspiel war sehr spannend und ohne Tim wird es gerade in den Herreneinzeln sehr schwer werden. Wir haben in dieser Saison aber schon viele Ausf\u00e4lle kompensieren k\u00f6nnen, darum sind optimistisch, dass wir in eigener Halle etwas Z\u00e4hlbares mitnehmen k\u00f6nnen\u201c, verriet TVM-Spieler Fabian Hippold.<\/p>\n","protected":false},"excerpt":{"rendered":"Samstag, 16. M\u00e4rz, 16 Uhr: TV Marktheidenfeld \u2013 SV Fischbach Erste Mannschaft will den Vorsprung auf den SV Fischbach ausbauen. Die Bundesligasaison 2018\/ \n<a class=\"moretag\" href=\"https:\/\/www.badminton-marktheidenfeld.de\/wordpress\/youngster-freut-sich-auf-bundesliga-debuet\/\"> [...]<\/a>","protected":false},"author":6,"featured_media":5355,"comment_status":"closed","ping_status":"closed","sticky":false,"template":"","format":"standard","meta":{"footnotes":""},"categories":[3,1],"tags":[74,36,41,99,100,42],"class_list":["post-5354","post","type-post","status-publish","format-standard","has-post-thumbnail","hentry","category-1mann","category-allgemein","tag-2-badminton-bundesliga","tag-badminton","tag-heimspiel","tag-joshua-redelbach","tag-sv-fischbach","tag-tv-marktheidenfeld"],"_links":{"self":[{"href":"https:\/\/www.badminton-marktheidenfeld.de\/wordpress\/wp-json\/wp\/v2\/posts\/5354","targetHints":{"allow":["GET"]}}],"collection":[{"href":"https:\/\/www.badminton-marktheidenfeld.de\/wordpress\/wp-json\/wp\/v2\/posts"}],"about":[{"href":"https:\/\/www.badminton-marktheidenfeld.de\/wordpress\/wp-json\/wp\/v2\/types\/post"}],"author":[{"embeddable":true,"href":"https:\/\/www.badminton-marktheidenfeld.de\/wordpress\/wp-json\/wp\/v2\/users\/6"}],"replies":[{"embeddable":true,"href":"https:\/\/www.badminton-marktheidenfeld.de\/wordpress\/wp-json\/wp\/v2\/comments?post=5354"}],"version-history":[{"count":9,"href":"https:\/\/www.badminton-marktheidenfeld.de\/wordpress\/wp-json\/wp\/v2\/posts\/5354\/revisions"}],"predecessor-version":[{"id":5370,"href":"https:\/\/www.badminton-marktheidenfeld.de\/wordpress\/wp-json\/wp\/v2\/posts\/5354\/revisions\/5370"}],"wp:featuredmedia":[{"embeddable":true,"href":"https:\/\/www.badminton-marktheidenfeld.de\/wordpress\/wp-json\/wp\/v2\/media\/5355"}],"wp:attachment":[{"href":"https:\/\/www.badminton-marktheidenfeld.de\/wordpress\/wp-json\/wp\/v2\/media?parent=5354"}],"wp:term":[{"taxonomy":"category","embeddable":true,"href":"https:\/\/www.badminton-marktheidenfeld.de\/wordpress\/wp-json\/wp\/v2\/categories?post=5354"},{"taxonomy":"post_tag","embeddable":true,"href":"https:\/\/www.badminton-marktheidenfeld.de\/wordpress\/wp-json\/wp\/v2\/tags?post=5354"}],"curies":[{"name":"wp","href":"https:\/\/api.w.org\/{rel}","templated":true}]}}