

{"id":5338,"date":"2019-03-12T11:05:14","date_gmt":"2019-03-12T10:05:14","guid":{"rendered":"http:\/\/www.badminton-marktheidenfeld.de\/wordpress\/?p=5338"},"modified":"2019-03-12T11:05:14","modified_gmt":"2019-03-12T10:05:14","slug":"2-mannschaft-doppelter-erfolg-zum-saisonabschluss","status":"publish","type":"post","link":"https:\/\/www.badminton-marktheidenfeld.de\/wordpress\/2-mannschaft-doppelter-erfolg-zum-saisonabschluss\/","title":{"rendered":"2. Mannschaft: Doppelter Erfolg zum Saisonabschluss"},"content":{"rendered":"\n<h3 class=\"wp-block-heading\">TV Marktheidenfeld 2 \u2013 ESV Fl\u00fcgelrad     5:3 <br>TV Marktheidenfeld 2 \u2013 ESV Fl\u00fcgelrad 2     5:3 <\/h3>\n\n\n\n<h2 class=\"wp-block-heading\">Marktheidenfelder Regionalligamannschaft schiebt sich mit zwei Siegen gegen N\u00fcrnberg vorr\u00fcbergehend an die Tabellenspitze.<\/h2>\n\n\n\n<p>Einen kr\u00f6nenden Abschluss ihrer ersten Regionalligasaison feierten am Wochenende die Spielerinnen und Spieler der zweiten Badmintonmannschaft des TV Marktheidenfeld. Die letzten beiden Heimspiele gegen die erste und zweite Mannschaft des ESV Fl\u00fcgelrad N\u00fcrnberg konnten die H\u00e4defelder jeweils mit 5:3 f\u00fcr sich entscheiden. Gerade der Sieg gegen N\u00fcrnberg 1 sorgte bei Team und Zuschauern f\u00fcr gro\u00dfe Freude. \u201eIn der Hinrunde haben wir noch 2:6 verloren und haben uns unter Wert verkauft. Der Sieg heute hat noch einmal gezeigt, dass wir an guten Tagen jede Mannschaft der Liga schlagen k\u00f6nnen\u201c, erkl\u00e4rte Jonas Gr\u00fcn, Marktheidenfelds bester Einzelspieler. Mit dem 5:3 am Sonntag gegen N\u00fcrnbergs zweite Garde konnte sich der TVM sogar noch einmal an die Spitze der Regionalligatabelle setzen. Da N\u00fcrnberg 1 und der TSV Dresden aber noch jeweils zwei Spiele zu bestreiten haben, wird wohl einer dieser beiden Verfolger noch an den Unterfranken vorbeiziehen.<\/p>\n\n\n\n<h2 class=\"wp-block-heading\">TVM Herren makellos<\/h2>\n\n\n\n<p>In der Partie gegen den ESV Fl\u00fcgelrad 1 spielten die Marktheidenfelder v\u00f6llig befreit auf. Dennoch gerieten die Hausherren nach dem Damendoppel zun\u00e4chst in R\u00fcckstand. Ramona Sch\u00e4ffer und Theresa Redelbach unterlagen in zwei S\u00e4tzen gegen Vanessa Seele und Julia Fischer. F\u00fcr den direkten Ausgleich sorgten anschlie\u00dfend die Br\u00fcder Jonas und Steffen Gr\u00fcn. Im ersten Herrendoppel rangen sie die beiden Routiniers Manuel Massari und Frank Schlosser in drei S\u00e4tzen mit 21:17, 17:21 und 21:11 nieder. Die erste kleine \u00dcberraschung gelang Christian Sch\u00e4ffer und Julian Burkhart im zweiten Doppel. Die neu formierte Paarung \u00fcberzeugte gegen die talentierten N\u00fcrnberger David Persin und Kilian Maurer mit druckvollem Angriffsspiel und brachte den TVM mit 21:18 und 21:18 in F\u00fchrung. <\/p>\n\n\n\n<figure class=\"wp-block-image\"><img loading=\"lazy\" decoding=\"async\" width=\"1024\" height=\"649\" src=\"https:\/\/www.badminton-marktheidenfeld.de\/wordpress\/wp-content\/uploads\/2019\/03\/aDSC05233-1024x649.jpg\" alt=\"\" class=\"wp-image-5339\" srcset=\"https:\/\/www.badminton-marktheidenfeld.de\/wordpress\/wp-content\/uploads\/2019\/03\/aDSC05233-1024x649.jpg 1024w, https:\/\/www.badminton-marktheidenfeld.de\/wordpress\/wp-content\/uploads\/2019\/03\/aDSC05233-300x190.jpg 300w, https:\/\/www.badminton-marktheidenfeld.de\/wordpress\/wp-content\/uploads\/2019\/03\/aDSC05233-768x486.jpg 768w, https:\/\/www.badminton-marktheidenfeld.de\/wordpress\/wp-content\/uploads\/2019\/03\/aDSC05233.jpg 1852w\" sizes=\"auto, (max-width: 1024px) 100vw, 1024px\" \/><figcaption>Julian Burkhart (links) und Christian Sch\u00e4ffer waren im 2. HD zweimal siegreich.<\/figcaption><\/figure>\n\n\n\n<p>Diese konnte Jonas Gr\u00fcn mit einem sicheren 21:14 und 21:14-Erfolg \u00fcber Manuel Massari im ersten Einzel zum 3:1 ausbauen. Im Dameneinzel zeigte Selina Tratz eine k\u00e4mpferische Leistung, hatte gegen N\u00fcrnbergs starke Vanessa Seele aber nicht die n\u00f6tige Durchschlagskraft. Durch das 11:21 und 18:21 konnten die N\u00fcrnberger noch einmal herankommen. Christian Sch\u00e4ffer lieferte sich im dritten Einzel ein hartes Duell mit N\u00fcrnbergs Nachwuchs-Ass Kilian Maurer. Mit 19:21, 22:20 und 21:13 k\u00e4mpfte sich der 30-J\u00e4hrige zum wichtigen Sieg. Damit war das Unentschieden schon gesichert, doch die H\u00e4defelder wollte mehr. Das gemischte Doppel, Julian Burkhart und Ramona Sch\u00e4ffer, ging in dieser Saison zum ersten Mal zusammen aufs Feld und zeigte dabei eine starke Vorstellung. Nach 21:17 im ersten Satz, kamen ihre Gegner jedoch besser in die Partie. Mit 18:21 und 17:21 konnte N\u00fcrnberg erneut auf 3:4 verk\u00fcrzen. <\/p>\n\n\n\n<h2 class=\"wp-block-heading\">Gr\u00fcn beh\u00e4lt die Nerven <\/h2>\n\n\n\n<p>Im letzten Spiel des Tages hatte Steffen Gr\u00fcn nun den Gesamtsieg auf dem Schl\u00e4ger. Gegen David Persin lag der 18-J\u00e4hrige zun\u00e4chst mit 11:3 in F\u00fchrung, bevor sich der N\u00fcrnberger zur\u00fcckk\u00e4mpfte und den ersten Satz mit 19:21 noch drehte. Obwohl Gr\u00fcn schon die letzten Begegnungen mit Persin ungl\u00fccklich verloren hatte, lie\u00df er sich davon nicht aus der Ruhe bringen und arbeitete sich mit viel Wille zur\u00fcck ins Spiel. Mit 21:15 erzwang er den Entscheidungssatz. Hier lie\u00df er sich, lautstark unterst\u00fctzt von Zuschauern und Teamkollegen, den Sieg nicht mehr nehmen und jubelte am Ende (21:12) \u00fcber den f\u00fcnften und siegbringenden Punkt f\u00fcr den TVM. <\/p>\n\n\n\n<h2 class=\"wp-block-heading\">Auch N\u00fcrnberg 2 bezwungen<\/h2>\n\n\n\n<p>Am Sonntag war auch die zweite Mannschaft der N\u00fcrnberger zu Gast in Marktheidenfeld. Dabei mussten die H\u00e4defelder kurzfristig den krankheitsbedingten Ausfall von Jonas Gr\u00fcn verkraften. Mit Steffen Gr\u00fcn, Christian Sch\u00e4ffer, Julian Burkhart und Kai Bastian war die Herrenriege des TVM dennoch hochklassig besetzt. Wie schon tags zuvor stand es nach den Doppelbegegnungen 2:1 f\u00fcr die Hausherren. Als Steffen Gr\u00fcn im ersten Einzel \u00fcberraschend mit 22:20, 15:21 und 24:26 gegen Stefan Tatar unterlag, schien der Sieg beim letzten Spiel der Saison noch einmal gef\u00e4hrdet. Doch Selina Tratz setzte sich im Dameneinzel souver\u00e4n mit 21:17 und 21:15 gegen Yvonne Freund durch und brachte ihr Team somit erneut in F\u00fchrung. <\/p>\n\n\n\n<figure class=\"wp-block-image\"><img loading=\"lazy\" decoding=\"async\" width=\"1024\" height=\"683\" src=\"https:\/\/www.badminton-marktheidenfeld.de\/wordpress\/wp-content\/uploads\/2019\/03\/aDSC05228-1024x683.jpg\" alt=\"\" class=\"wp-image-5340\" srcset=\"https:\/\/www.badminton-marktheidenfeld.de\/wordpress\/wp-content\/uploads\/2019\/03\/aDSC05228-1024x683.jpg 1024w, https:\/\/www.badminton-marktheidenfeld.de\/wordpress\/wp-content\/uploads\/2019\/03\/aDSC05228-300x200.jpg 300w, https:\/\/www.badminton-marktheidenfeld.de\/wordpress\/wp-content\/uploads\/2019\/03\/aDSC05228-768x512.jpg 768w\" sizes=\"auto, (max-width: 1024px) 100vw, 1024px\" \/><figcaption>Selina Tratz holte am Sonntag einen wichtigen Punkt im Dameneinzel.<\/figcaption><\/figure>\n\n\n\n<p>Auch das Mixed, Julian Burkhart und Theresa Redelbach, sowie Christian Sch\u00e4ffer im zweiten Einzel fuhren Siege f\u00fcr die H\u00e4defelder ein. Sodass auch die knappe Niederlage von Kai Bastian im dritten Herreneinzel der guten Stimmung beim 5:3-Abschlusssieg keinen Abbruch mehr tun konnte.<\/p>\n\n\n\n<p>\u201eDas war wirklich ein super Saisonabschluss. Den zweiten Platz haben wir sicher, das ist in der Aufstiegssaison ein starkes Ergebnis. Wenn man bedenkt, wie viele Ausf\u00e4lle wir zu verkraften hatten, haben wir auf jeden Fall das Beste daraus gemacht\u201c, res\u00fcmierte Mannschaftsf\u00fchrer Steffen Gr\u00fcn die Premierensaison der zweiten Mannschaft in der Regionalliga. <\/p>\n","protected":false},"excerpt":{"rendered":"Bei den letzten Spielen der Regionalligasaison siegte der TVM gegen beide Mannschaften des ESV Fl\u00fcgelrad N\u00fcrnberg.\n<a class=\"moretag\" href=\"https:\/\/www.badminton-marktheidenfeld.de\/wordpress\/2-mannschaft-doppelter-erfolg-zum-saisonabschluss\/\"> [...]<\/a>","protected":false},"author":6,"featured_media":5341,"comment_status":"closed","ping_status":"closed","sticky":false,"template":"","format":"standard","meta":{"footnotes":""},"categories":[4,1],"tags":[36,98,79,63,41,94,95,56,97,96,42],"class_list":["post-5338","post","type-post","status-publish","format-standard","has-post-thumbnail","hentry","category-2mann","category-allgemein","tag-badminton","tag-christian-schaeffer","tag-esv-fluegelrad-nuernberg","tag-heimsieg","tag-heimspiel","tag-jonas-gruen","tag-julian-burkhart","tag-regionalliga","tag-selina-tratz","tag-steffen-gruen","tag-tv-marktheidenfeld"],"_links":{"self":[{"href":"https:\/\/www.badminton-marktheidenfeld.de\/wordpress\/wp-json\/wp\/v2\/posts\/5338","targetHints":{"allow":["GET"]}}],"collection":[{"href":"https:\/\/www.badminton-marktheidenfeld.de\/wordpress\/wp-json\/wp\/v2\/posts"}],"about":[{"href":"https:\/\/www.badminton-marktheidenfeld.de\/wordpress\/wp-json\/wp\/v2\/types\/post"}],"author":[{"embeddable":true,"href":"https:\/\/www.badminton-marktheidenfeld.de\/wordpress\/wp-json\/wp\/v2\/users\/6"}],"replies":[{"embeddable":true,"href":"https:\/\/www.badminton-marktheidenfeld.de\/wordpress\/wp-json\/wp\/v2\/comments?post=5338"}],"version-history":[{"count":1,"href":"https:\/\/www.badminton-marktheidenfeld.de\/wordpress\/wp-json\/wp\/v2\/posts\/5338\/revisions"}],"predecessor-version":[{"id":5342,"href":"https:\/\/www.badminton-marktheidenfeld.de\/wordpress\/wp-json\/wp\/v2\/posts\/5338\/revisions\/5342"}],"wp:featuredmedia":[{"embeddable":true,"href":"https:\/\/www.badminton-marktheidenfeld.de\/wordpress\/wp-json\/wp\/v2\/media\/5341"}],"wp:attachment":[{"href":"https:\/\/www.badminton-marktheidenfeld.de\/wordpress\/wp-json\/wp\/v2\/media?parent=5338"}],"wp:term":[{"taxonomy":"category","embeddable":true,"href":"https:\/\/www.badminton-marktheidenfeld.de\/wordpress\/wp-json\/wp\/v2\/categories?post=5338"},{"taxonomy":"post_tag","embeddable":true,"href":"https:\/\/www.badminton-marktheidenfeld.de\/wordpress\/wp-json\/wp\/v2\/tags?post=5338"}],"curies":[{"name":"wp","href":"https:\/\/api.w.org\/{rel}","templated":true}]}}