

{"id":5335,"date":"2019-03-07T10:05:32","date_gmt":"2019-03-07T09:05:32","guid":{"rendered":"http:\/\/www.badminton-marktheidenfeld.de\/wordpress\/?p=5335"},"modified":"2019-03-07T10:05:32","modified_gmt":"2019-03-07T09:05:32","slug":"revanche-gegen-nuernberg","status":"publish","type":"post","link":"https:\/\/www.badminton-marktheidenfeld.de\/wordpress\/revanche-gegen-nuernberg\/","title":{"rendered":"Revanche gegen N\u00fcrnberg?"},"content":{"rendered":"\n<h3 class=\"wp-block-heading\">Samstag, 9. M\u00e4rz, 16 Uhr: TVM 2 \u2013 ESV Fl\u00fcgelrad N\u00fcrnberg <br>Sonntag, 10. M\u00e4rz, 11 Uhr: TVM 2 \u2013 ESV Fl\u00fcgelrad N\u00fcrnberg 2<\/h3>\n\n\n\n<h2 class=\"wp-block-heading\">Zweite Mannschaft empf\u00e4ngt Fl\u00fcgelrad N\u00fcrnberg zum Saisonabschluss in der Regionalliga.<\/h2>\n\n\n\n<p>Nahezu in bester Besetzung wird die zweite Mannschaft des TV Marktheidenfeld am kommenden Wochenende die Teams des ESV Fl\u00fcgelrad N\u00fcrnberg in der Hans-Wilhelm-Renkhoff-Halle empfangen. Bis auf Thomas Fuchs sind alle Stammspieler fit und einsatzf\u00e4hig. Das wird auch n\u00f6tig sein, um gegen die starke Konkurrenz aus Mittelfranken punkten zu k\u00f6nnen. In der Hinrunde blieben die Resultate in N\u00fcrnberg weit hinter den Erwartungen der H\u00e4defelder zur\u00fcck. Gegen die erste Mannschaft des ESV gab es eine 2:6-Niederlage, gegen die zweite Garde sprang ein 4:4-Unentschieden heraus. \u201eGerade das 4:4 gegen N\u00fcrnberg 2 war bitter. Wir lagen mit 4:1 vorne und konnten das Ding dann nicht zumachen. Das muss diesmal besser laufen\u201c, wei\u00df Jonas Gr\u00fcn, Marktheidenfelds Nummer eins.<\/p>\n\n\n\n<div class=\"wp-block-image\"><figure class=\"aligncenter is-resized\"><img loading=\"lazy\" decoding=\"async\" src=\"https:\/\/www.badminton-marktheidenfeld.de\/wordpress\/wp-content\/uploads\/2019\/03\/IMG_2147-1024x736.jpg\" alt=\"\" class=\"wp-image-5336\" width=\"560\" height=\"402\" srcset=\"https:\/\/www.badminton-marktheidenfeld.de\/wordpress\/wp-content\/uploads\/2019\/03\/IMG_2147-1024x736.jpg 1024w, https:\/\/www.badminton-marktheidenfeld.de\/wordpress\/wp-content\/uploads\/2019\/03\/IMG_2147-300x216.jpg 300w, https:\/\/www.badminton-marktheidenfeld.de\/wordpress\/wp-content\/uploads\/2019\/03\/IMG_2147-768x552.jpg 768w, https:\/\/www.badminton-marktheidenfeld.de\/wordpress\/wp-content\/uploads\/2019\/03\/IMG_2147-120x85.jpg 120w\" sizes=\"auto, (max-width: 560px) 100vw, 560px\" \/><figcaption>Jonas Gr\u00fcn bestreitet am Wochenende mit der zweiten Mannschaft die letzten Spiele der Saison. Foto: Thomas Fuchs<\/figcaption><\/figure><\/div>\n\n\n\n<h2 class=\"wp-block-heading\">Die Saison mit einem Erfolg beenden<\/h2>\n\n\n\n<p>Die Begegnungen mit N\u00fcrnberg 1 und 2 werden f\u00fcr Marktheidenfeld die letzten der Saison 2018\/19 sein. Am abschlie\u00dfenden Spieltagswochenende am 30. Und 31. M\u00e4rz sind die H\u00e4defelder spielfrei. Den Klassenerhalt hat die Aufsteigermannschaft schon jetzt sicher in der Tasche, dennoch will das Team sich in eigener Halle erfolgreich in die Sommerpause verabschieden. \u201eF\u00fcr uns sind das nochmal wichtige Spiele. Wir wollen es besser machen als in der Hinrunde und die Saison mit einem Sieg abschlie\u00dfen\u201c, erkl\u00e4rte Gr\u00fcn.<\/p>\n","protected":false},"excerpt":{"rendered":"Die zweite Mannschaft des TVM empf\u00e4ngt am Wochenende die Teams des ESV Fl\u00fcgelrad zum Abschluss der Regionalliga-Saison.\n<a class=\"moretag\" href=\"https:\/\/www.badminton-marktheidenfeld.de\/wordpress\/revanche-gegen-nuernberg\/\"> [...]<\/a>","protected":false},"author":6,"featured_media":5336,"comment_status":"closed","ping_status":"closed","sticky":false,"template":"","format":"standard","meta":{"footnotes":""},"categories":[4,1],"tags":[36,41,94,56,42,55],"class_list":["post-5335","post","type-post","status-publish","format-standard","has-post-thumbnail","hentry","category-2mann","category-allgemein","tag-badminton","tag-heimspiel","tag-jonas-gruen","tag-regionalliga","tag-tv-marktheidenfeld","tag-zweite-mannschaft"],"_links":{"self":[{"href":"https:\/\/www.badminton-marktheidenfeld.de\/wordpress\/wp-json\/wp\/v2\/posts\/5335","targetHints":{"allow":["GET"]}}],"collection":[{"href":"https:\/\/www.badminton-marktheidenfeld.de\/wordpress\/wp-json\/wp\/v2\/posts"}],"about":[{"href":"https:\/\/www.badminton-marktheidenfeld.de\/wordpress\/wp-json\/wp\/v2\/types\/post"}],"author":[{"embeddable":true,"href":"https:\/\/www.badminton-marktheidenfeld.de\/wordpress\/wp-json\/wp\/v2\/users\/6"}],"replies":[{"embeddable":true,"href":"https:\/\/www.badminton-marktheidenfeld.de\/wordpress\/wp-json\/wp\/v2\/comments?post=5335"}],"version-history":[{"count":1,"href":"https:\/\/www.badminton-marktheidenfeld.de\/wordpress\/wp-json\/wp\/v2\/posts\/5335\/revisions"}],"predecessor-version":[{"id":5337,"href":"https:\/\/www.badminton-marktheidenfeld.de\/wordpress\/wp-json\/wp\/v2\/posts\/5335\/revisions\/5337"}],"wp:featuredmedia":[{"embeddable":true,"href":"https:\/\/www.badminton-marktheidenfeld.de\/wordpress\/wp-json\/wp\/v2\/media\/5336"}],"wp:attachment":[{"href":"https:\/\/www.badminton-marktheidenfeld.de\/wordpress\/wp-json\/wp\/v2\/media?parent=5335"}],"wp:term":[{"taxonomy":"category","embeddable":true,"href":"https:\/\/www.badminton-marktheidenfeld.de\/wordpress\/wp-json\/wp\/v2\/categories?post=5335"},{"taxonomy":"post_tag","embeddable":true,"href":"https:\/\/www.badminton-marktheidenfeld.de\/wordpress\/wp-json\/wp\/v2\/tags?post=5335"}],"curies":[{"name":"wp","href":"https:\/\/api.w.org\/{rel}","templated":true}]}}