

{"id":5295,"date":"2019-02-08T13:42:57","date_gmt":"2019-02-08T12:42:57","guid":{"rendered":"http:\/\/www.badminton-marktheidenfeld.de\/wordpress\/?p=5295"},"modified":"2019-02-08T13:46:09","modified_gmt":"2019-02-08T12:46:09","slug":"regionalliga-kampf-um-den-klassenerhalt","status":"publish","type":"post","link":"https:\/\/www.badminton-marktheidenfeld.de\/wordpress\/regionalliga-kampf-um-den-klassenerhalt\/","title":{"rendered":"Regionalliga: Kampf um den Klassenerhalt"},"content":{"rendered":"\n<h3 class=\"wp-block-heading\">Samstag, 9. Februar, 14 Uhr: TVM 2 \u2013 TSV Dresden <br>Sonntag, 10. Februar, 11 Uhr: TVM 2 \u2013 HSG DHfK Leipzig<\/h3>\n\n\n\n<h2 class=\"wp-block-heading\">Zwei Heimspiele f\u00fcr unsere Zweite l\u00e4uten den Saisonendspurt in der Badminton Regionalliga ein<\/h2>\n\n\n\n<p>Die zweite Mannschaft des TV Marktheidenfeld freut sich auf richtungsweisende Heimspiele gegen Dresden und Leipzig. Nach einem starken Saisonstart in der Regionalliga S\u00fcdOst Ost durchlebte die junge Aufsteigermannschaft zuletzt eine kleine Negativserie, deren Tiefpunkt die klare 1:7-Niederlage gegen den TSV Ansbach darstellte. Vier Saisonspiele stehen noch auf dem Programm der H\u00e4defelder und alle vier werden in der heimischen Hans-Wilhelm-Renkhoff-Halle stattfinden. \u201eDie letzten Spiele liefen nicht so, wie wir uns das vorgestellt hatten. Jetzt wollen wir zu Hause wieder angreifen\u201c, erkl\u00e4rte Mannschaftsf\u00fchrer Steffen Gr\u00fcn.<\/p>\n\n\n\n<p>Mit 7:5 Punkten aus sechs Begegnungen steht der TVM 2 aktuell auf dem vierten Tabellenplatz. Diesen gilt es zu verteidigen, um den Klassenerhalt in der Regionalliga f\u00fcr das kommende Jahr zu sichern. Die Liga besteht zurzeit aus nur sechs Mannschaften und soll zur kommenden Saison mit der Regionalliga S\u00fcdOst S\u00fcd zusammengelegt werden. In dieser gro\u00dfen Regionalliga wollen die Marktheidenfelder dabei sein. \u201eDie Mannschaft hat das klare Ziel, in der neuen Regionalliga an den Start zu gehen. Um das sicher zu schaffen, m\u00fcssen wir zwei Mannschaften hinter uns lassen\u201c, wei\u00df Gr\u00fcn.<\/p>\n\n\n\n<h2 class=\"wp-block-heading\">Den Vorsprung halten<\/h2>\n\n\n\n<p>W\u00e4hrend es an der Tabellenspitze sehr eng zugeht, sind mit Leipzig und N\u00fcrnberg 2 zwei Mannschaften am Tabellenende zur\u00fcckgefallen. F\u00fcnf Punkte trennen die Marktheidenfelder von den f\u00fcnftplatzierten Leipzigern. Dennoch deutet das knappe 5:3 aus dem Hinspiel auf eine spannende Begegnung hin, zumal weder der TVM noch Leipzig im vergangenen Oktober in voller Besetzung antreten konnte. Die Marktheidenfelder haben es also selbst in der Hand. Doch w\u00e4hrend mit Selina Weinzettel eine starke Option f\u00fcr das Dameneinzel aus der Baby-Pause zur\u00fcckkehrt, m\u00fcssen die Unterfranken gleich zwei Ausf\u00e4lle bei den Herren kompensieren. <\/p>\n\n\n\n<h2 class=\"wp-block-heading\">Saisonende f\u00fcr Fuchs<\/h2>\n\n\n\n<p>Einen kleinen D\u00e4mpfer musste das Team um Spielf\u00fchrer Steffen Gr\u00fcn knapp zwei Wochen vor den wichtigen Spielen gegen Dresden und Leipzig hinnehmen. Stammspieler Thomas Fuchs wird f\u00fcr den Rest der Saison mit einem Bandscheibenvorfall ausfallen. Der 24-J\u00e4hrige wird nun im Wechsel von Moritz Unz, Joshua Redelbach, Julian Burkhart und Heiko Piehl vertreten. Auch Christian Sch\u00e4ffer kann am Wochenende nicht spielen und muss ersetzt werden. Dabei m\u00fcssen die Marktheidenfelder beachten, dass keiner der vier Nachr\u00fccker mehr als zwei Eins\u00e4tze in der Regionalliga bestreitet. Denn Redelbach, Unz, Burkhart und Piehl spielen in der dritten Mannschaft noch um den Aufstieg in die Bayernliga. Mit einem dritten Einsatz in einer h\u00f6heren Liga, w\u00e4ren sie in dieser Spielklasse festgespielt und d\u00fcrften nicht mehr in der dritten Mannschaft antreten. \u201eWir haben einen breiten Kader und den brauchen wir bei solchen kurzfristigen Ausf\u00e4llen auch. Trotzdem kann es nat\u00fcrlich passieren, dass die dritte Mannschaft durch die vielen Ausf\u00e4lle in den oberen Mannschaften nicht alle Saisonziele erreichen kann\u201c, erkl\u00e4rte Badminton Abteilungsleiter Karl Fuchs. <\/p>\n","protected":false},"excerpt":{"rendered":"Samstag, 9. Februar, 14 Uhr: TVM 2 \u2013 TSV Dresden Sonntag, 10. Februar, 11 Uhr: TVM 2 \u2013 HSG DHfK Leipzig Zwei Heimspiele \n<a class=\"moretag\" href=\"https:\/\/www.badminton-marktheidenfeld.de\/wordpress\/regionalliga-kampf-um-den-klassenerhalt\/\"> [...]<\/a>","protected":false},"author":6,"featured_media":5167,"comment_status":"closed","ping_status":"closed","sticky":false,"template":"","format":"standard","meta":{"footnotes":""},"categories":[4,1],"tags":[36,41,56,42],"class_list":["post-5295","post","type-post","status-publish","format-standard","has-post-thumbnail","hentry","category-2mann","category-allgemein","tag-badminton","tag-heimspiel","tag-regionalliga","tag-tv-marktheidenfeld"],"_links":{"self":[{"href":"https:\/\/www.badminton-marktheidenfeld.de\/wordpress\/wp-json\/wp\/v2\/posts\/5295","targetHints":{"allow":["GET"]}}],"collection":[{"href":"https:\/\/www.badminton-marktheidenfeld.de\/wordpress\/wp-json\/wp\/v2\/posts"}],"about":[{"href":"https:\/\/www.badminton-marktheidenfeld.de\/wordpress\/wp-json\/wp\/v2\/types\/post"}],"author":[{"embeddable":true,"href":"https:\/\/www.badminton-marktheidenfeld.de\/wordpress\/wp-json\/wp\/v2\/users\/6"}],"replies":[{"embeddable":true,"href":"https:\/\/www.badminton-marktheidenfeld.de\/wordpress\/wp-json\/wp\/v2\/comments?post=5295"}],"version-history":[{"count":2,"href":"https:\/\/www.badminton-marktheidenfeld.de\/wordpress\/wp-json\/wp\/v2\/posts\/5295\/revisions"}],"predecessor-version":[{"id":5297,"href":"https:\/\/www.badminton-marktheidenfeld.de\/wordpress\/wp-json\/wp\/v2\/posts\/5295\/revisions\/5297"}],"wp:featuredmedia":[{"embeddable":true,"href":"https:\/\/www.badminton-marktheidenfeld.de\/wordpress\/wp-json\/wp\/v2\/media\/5167"}],"wp:attachment":[{"href":"https:\/\/www.badminton-marktheidenfeld.de\/wordpress\/wp-json\/wp\/v2\/media?parent=5295"}],"wp:term":[{"taxonomy":"category","embeddable":true,"href":"https:\/\/www.badminton-marktheidenfeld.de\/wordpress\/wp-json\/wp\/v2\/categories?post=5295"},{"taxonomy":"post_tag","embeddable":true,"href":"https:\/\/www.badminton-marktheidenfeld.de\/wordpress\/wp-json\/wp\/v2\/tags?post=5295"}],"curies":[{"name":"wp","href":"https:\/\/api.w.org\/{rel}","templated":true}]}}