

{"id":5253,"date":"2019-01-20T14:32:08","date_gmt":"2019-01-20T13:32:08","guid":{"rendered":"http:\/\/www.badminton-marktheidenfeld.de\/wordpress\/?p=5253"},"modified":"2019-01-20T15:40:41","modified_gmt":"2019-01-20T14:40:41","slug":"erneuter-daempfer-fuer-die-tvm-reserve","status":"publish","type":"post","link":"https:\/\/www.badminton-marktheidenfeld.de\/wordpress\/erneuter-daempfer-fuer-die-tvm-reserve\/","title":{"rendered":"Erneuter D\u00e4mpfer f\u00fcr die TVM-Reserve"},"content":{"rendered":"<h2>Die Badminton Regionalligamannschaft des TV Marktheidenfeld unterliegt in Ansbach deutlich<\/h2>\n<p><strong>TSV Ansbach \u2013 TV Marktheidenfeld 2 \u00a0 \u00a0 \u00a0 7:1<\/strong><\/p>\n<p>Mit einer 1:7-Niederlage gegen den TSV Ansbach hat sich die zweite Mannschaft des TV Marktheidenfeld am Samstag vorerst aus dem Rennen um die Spitzenpl\u00e4tze in der Regionalliga S\u00fcdOst Ost verabschiedet. Nach diesem ern\u00fcchternden Start in die R\u00fcckrunde liegt der Fokus f\u00fcr die Aufsteiger-Mannschaft nun darauf, den Vorsprung auf die gef\u00fcrchteten Abstiegspl\u00e4tze m\u00f6glichst gro\u00df zu halten. \u201eWir haben bei der Aufstellung ein bisschen etwas riskiert, weil wir auf Sieg spielen wollten. Das ist leider komplett nach hinten losgegangen. Ein 1:7 ist schon ein wenig peinlich\u201c, gestand Thomas Fuchs, der in Abwesenheit von Steffen Gr\u00fcn das Amt des Spielf\u00fchrers \u00fcbernahm.<img loading=\"lazy\" decoding=\"async\" class=\"size-medium wp-image-5254 alignright\" src=\"https:\/\/www.badminton-marktheidenfeld.de\/wordpress\/wp-content\/uploads\/2019\/01\/931eef6f-e10f-4023-a1ef-c118361031ab-300x270.jpg\" alt=\"\" width=\"300\" height=\"270\" srcset=\"https:\/\/www.badminton-marktheidenfeld.de\/wordpress\/wp-content\/uploads\/2019\/01\/931eef6f-e10f-4023-a1ef-c118361031ab-300x270.jpg 300w, https:\/\/www.badminton-marktheidenfeld.de\/wordpress\/wp-content\/uploads\/2019\/01\/931eef6f-e10f-4023-a1ef-c118361031ab-768x691.jpg 768w, https:\/\/www.badminton-marktheidenfeld.de\/wordpress\/wp-content\/uploads\/2019\/01\/931eef6f-e10f-4023-a1ef-c118361031ab-1024x922.jpg 1024w, https:\/\/www.badminton-marktheidenfeld.de\/wordpress\/wp-content\/uploads\/2019\/01\/931eef6f-e10f-4023-a1ef-c118361031ab.jpg 1122w\" sizes=\"auto, (max-width: 300px) 100vw, 300px\" \/><\/p>\n<p>Die H\u00e4defelder mussten in Ansbach auf drei ihrer sechs Stammspieler verzichten, dennoch schien ein Punktgewinn im Vorfeld nicht au\u00dfer Reichweite. Jonas Gr\u00fcn und Thomas Fuchs gingen als favorisierte Paarung ins erste Herrendoppel. Nach einem souver\u00e4nen 21:17 konnten sich ihre Gegner, Lukas Rupp und Tobias Winter, besser auf die Spielweise der TVMler einstellen. 15:21 lautete das Ergebnis des zweiten Durchgangs. Im Entscheidungssatz bot sich den rund 70 Zuschauern in Ansbach ein hochspannendes Finale. Fuchs und Gr\u00fcn schafften es nicht, einen ihrer zahlreichen Matchb\u00e4lle zu verwandeln und mussten sich im letzten Ballwechsel der Verl\u00e4ngerung mit 29:30 geschlagen geben. \u201eDas 29:30 war ein Knackpunkt. Wir hatten diesen Punkt eigentlich fest eingeplant. Danach lief bei den Ansbachern einfach alles zusammen\u201c, res\u00fcmierte Fuchs nach der Begegnung. Tats\u00e4chlich konnten sich die Hausherren an diesem Tag immer durchsetzen, wenn es um die entscheidenden Punkte ging. Das Damendoppel ging in drei S\u00e4tzen an Ansbach. Auch das zweite Herrendoppel der Marktheidenfelder konnte nicht gewinnen.<\/p>\n<h2>Burkhart holt den Ehrenpunkt<\/h2>\n<p>Als Jonas Gr\u00fcn im ersten Einzel \u00fcberraschend mit 21:19, 12:21 und 24:26 gegen Lukas Rupp unterlag, schwanden die letzten Marktheidenfelder Hoffnungen. Nachdem Lara Suffel im Dameneinzel gegen Nina Buckel ohne Siegchance blieb, war die Niederlage mit dem Stand von 0:5 besiegelt. Kai Bastian und Theresa Redelbach waren im Mixed mit 15:21 und 22:24 auch nahe dran, konnten aber ebenfalls nicht gewinnen. Nachdem Thomas Fuchs im zweiten Einzel gegen Wladislaw Kuguschew keine gute Vorstellung lieferte und in zwei klaren S\u00e4tzen verlor, sorgte Julian Burkhart noch f\u00fcr einen kleinen Lichtblick im dritten Einzel. Bei seinem ersten Regionalligaeinsatz des Jahres erk\u00e4mpfte der 24-J\u00e4hrige mit 17:21, 21:19 und 21:16 gegen Lukas Sch\u00e4f den Ehrenpunkt zum 1:7.<\/p>\n<p>Bei vier verbleibenden Heimspielen betr\u00e4gt der Vorsprung des TVM 2 auf einen Abstiegsplatz noch f\u00fcnf Punkte. Am 9. und 10. Februar sind die Mannschaften aus Dresden und Leipzig zu Gast in der HWR-Halle. \u201eEs gibt noch keinen Grund, sich gro\u00dfe Sorgen zu machen, aber wir m\u00fcssen die n\u00e4chsten Wochen fokussiert trainieren und an den kommenden Spieltagen wieder punkten\u201c, erkl\u00e4rte Fuchs mit Blick auf die kommenden Aufgaben.<\/p>\n","protected":false},"excerpt":{"rendered":"Die Badminton Regionalligamannschaft des TV Marktheidenfeld unterliegt in Ansbach deutlich TSV Ansbach \u2013 TV Marktheidenfeld 2 \u00a0 \u00a0 \u00a0 7:1 Mit einer 1:7-Niederlage \n<a class=\"moretag\" href=\"https:\/\/www.badminton-marktheidenfeld.de\/wordpress\/erneuter-daempfer-fuer-die-tvm-reserve\/\"> [...]<\/a>","protected":false},"author":6,"featured_media":5255,"comment_status":"closed","ping_status":"closed","sticky":false,"template":"","format":"standard","meta":{"footnotes":""},"categories":[4,1],"tags":[88,36,52,56,85,32,55],"class_list":["post-5253","post","type-post","status-publish","format-standard","has-post-thumbnail","hentry","category-2mann","category-allgemein","tag-ansbach","tag-badminton","tag-marktheidenfeld","tag-regionalliga","tag-rueckrundenauftakt","tag-tvm","tag-zweite-mannschaft"],"_links":{"self":[{"href":"https:\/\/www.badminton-marktheidenfeld.de\/wordpress\/wp-json\/wp\/v2\/posts\/5253","targetHints":{"allow":["GET"]}}],"collection":[{"href":"https:\/\/www.badminton-marktheidenfeld.de\/wordpress\/wp-json\/wp\/v2\/posts"}],"about":[{"href":"https:\/\/www.badminton-marktheidenfeld.de\/wordpress\/wp-json\/wp\/v2\/types\/post"}],"author":[{"embeddable":true,"href":"https:\/\/www.badminton-marktheidenfeld.de\/wordpress\/wp-json\/wp\/v2\/users\/6"}],"replies":[{"embeddable":true,"href":"https:\/\/www.badminton-marktheidenfeld.de\/wordpress\/wp-json\/wp\/v2\/comments?post=5253"}],"version-history":[{"count":3,"href":"https:\/\/www.badminton-marktheidenfeld.de\/wordpress\/wp-json\/wp\/v2\/posts\/5253\/revisions"}],"predecessor-version":[{"id":5258,"href":"https:\/\/www.badminton-marktheidenfeld.de\/wordpress\/wp-json\/wp\/v2\/posts\/5253\/revisions\/5258"}],"wp:featuredmedia":[{"embeddable":true,"href":"https:\/\/www.badminton-marktheidenfeld.de\/wordpress\/wp-json\/wp\/v2\/media\/5255"}],"wp:attachment":[{"href":"https:\/\/www.badminton-marktheidenfeld.de\/wordpress\/wp-json\/wp\/v2\/media?parent=5253"}],"wp:term":[{"taxonomy":"category","embeddable":true,"href":"https:\/\/www.badminton-marktheidenfeld.de\/wordpress\/wp-json\/wp\/v2\/categories?post=5253"},{"taxonomy":"post_tag","embeddable":true,"href":"https:\/\/www.badminton-marktheidenfeld.de\/wordpress\/wp-json\/wp\/v2\/tags?post=5253"}],"curies":[{"name":"wp","href":"https:\/\/api.w.org\/{rel}","templated":true}]}}