

{"id":5216,"date":"2018-11-23T15:17:14","date_gmt":"2018-11-23T14:17:14","guid":{"rendered":"http:\/\/www.badminton-marktheidenfeld.de\/wordpress\/?p=5216"},"modified":"2018-11-23T15:18:42","modified_gmt":"2018-11-23T14:18:42","slug":"kampf-um-die-tabellenfuehrung","status":"publish","type":"post","link":"https:\/\/www.badminton-marktheidenfeld.de\/wordpress\/kampf-um-die-tabellenfuehrung\/","title":{"rendered":"Kampf um die Herbstmeisterschaft"},"content":{"rendered":"<h2>Das Regionalligateam des TVM spielt am Wochenende in N\u00fcrnberg um die Tabellenf\u00fchrung<\/h2>\n<p><strong>Samstag, 24. November, 16 Uhr: ESV Fl\u00fcgelrad N\u00fcrnberg \u2013 TVM 2<br \/>\n<\/strong><strong>Sonntag, 25. November, 10 Uhr: ESV Fl\u00fcgelrad N\u00fcrnberg 2 \u2013 TVM 2<\/strong><\/p>\n<p>Der TV Marktheidenfeld ist auf Kurs. In der Premierensaison in der Regionalliga S\u00fcdOst Ost steht die zweite Badmintonmannschaft der H\u00e4defelder nach drei Siegen aus drei Spielen an der Tabellenspitze. Die Aufsteiger konnten sich gegen Ansbach, Dresden und Leipzig jeweils mit 5:3 durchsetzen. Am Wochenende steht f\u00fcr das Team um den jungen Mannschaftsf\u00fchrer Steffen Gr\u00fcn die schwerste Aufgabe der Saison auf dem Programm. Am Samstag geht es gegen die aufstiegsambitionierte Mannschaft des ESV Fl\u00fcgelrad N\u00fcrnberg. Tags darauf schl\u00e4gt der TVM erneut in N\u00fcrnberg auf. Dann geht es gegen die zweite Mannschaft des ESV.<\/p>\n<p>Die beiden N\u00fcrnberger Mannschaften traten in der laufenden Saison bisher lediglich gegeneinander an. Die erste Mannschaft des ESV setzte sich dabei mit 6:2 gegen die eigene Reserve durch. \u201eN\u00fcrnberg hat zwei ausgeglichene und starke Teams. Es wird nicht leicht, aber wir haben uns vorgenommen, in beiden Spielen zu punkten\u201c, gab sich TVM-Kapit\u00e4n Steffen Gr\u00fcn optimistisch. Der 18-J\u00e4hrige verpasst die beiden Begegnungen gegen Leipzig und Dresden und wird gegen N\u00fcrnberg wieder im ersten Einzel f\u00fcr den TVM an den Start gehen. Mit Jonas Gr\u00fcn, Christian Sch\u00e4ffer, Thomas Fuchs, Kai Bastian, Ramona Sch\u00e4ffer und Theresa Redelbach ist die Zweite am Wochenende bestens aufgestellt.<\/p>\n<p>Die Begegnungen in N\u00fcrnberg sind f\u00fcr die Unterfranken bereits die letzten des Kalenderjahres. An den abschlie\u00dfenden Spieltagen am 15. und 16. Dezember sind die Marktheidenfelder spielfrei. Mit einem erfolgreichen Wochenende in N\u00fcrnberg k\u00f6nnten die Aufsteiger bereits die Herbstmeisterschaft perfekt machen. Ein Aufstieg in die 2. Bundesliga ist trotz der guten Tabellenposition nicht m\u00f6glich, denn dort schl\u00e4gt bereits die erste Mannschaft der Marktheidenfelder auf.<\/p>\n","protected":false},"excerpt":{"rendered":"Das Regionalligateam des TVM spielt am Wochenende in N\u00fcrnberg um die Tabellenf\u00fchrung Samstag, 24. November, 16 Uhr: ESV Fl\u00fcgelrad N\u00fcrnberg \u2013 TVM 2 \n<a class=\"moretag\" href=\"https:\/\/www.badminton-marktheidenfeld.de\/wordpress\/kampf-um-die-tabellenfuehrung\/\"> [...]<\/a>","protected":false},"author":6,"featured_media":4933,"comment_status":"closed","ping_status":"closed","sticky":false,"template":"","format":"standard","meta":{"footnotes":""},"categories":[4,1],"tags":[36,77,56,42,55],"class_list":["post-5216","post","type-post","status-publish","format-standard","has-post-thumbnail","hentry","category-2mann","category-allgemein","tag-badminton","tag-esv-nuernberg","tag-regionalliga","tag-tv-marktheidenfeld","tag-zweite-mannschaft"],"_links":{"self":[{"href":"https:\/\/www.badminton-marktheidenfeld.de\/wordpress\/wp-json\/wp\/v2\/posts\/5216","targetHints":{"allow":["GET"]}}],"collection":[{"href":"https:\/\/www.badminton-marktheidenfeld.de\/wordpress\/wp-json\/wp\/v2\/posts"}],"about":[{"href":"https:\/\/www.badminton-marktheidenfeld.de\/wordpress\/wp-json\/wp\/v2\/types\/post"}],"author":[{"embeddable":true,"href":"https:\/\/www.badminton-marktheidenfeld.de\/wordpress\/wp-json\/wp\/v2\/users\/6"}],"replies":[{"embeddable":true,"href":"https:\/\/www.badminton-marktheidenfeld.de\/wordpress\/wp-json\/wp\/v2\/comments?post=5216"}],"version-history":[{"count":3,"href":"https:\/\/www.badminton-marktheidenfeld.de\/wordpress\/wp-json\/wp\/v2\/posts\/5216\/revisions"}],"predecessor-version":[{"id":5219,"href":"https:\/\/www.badminton-marktheidenfeld.de\/wordpress\/wp-json\/wp\/v2\/posts\/5216\/revisions\/5219"}],"wp:featuredmedia":[{"embeddable":true,"href":"https:\/\/www.badminton-marktheidenfeld.de\/wordpress\/wp-json\/wp\/v2\/media\/4933"}],"wp:attachment":[{"href":"https:\/\/www.badminton-marktheidenfeld.de\/wordpress\/wp-json\/wp\/v2\/media?parent=5216"}],"wp:term":[{"taxonomy":"category","embeddable":true,"href":"https:\/\/www.badminton-marktheidenfeld.de\/wordpress\/wp-json\/wp\/v2\/categories?post=5216"},{"taxonomy":"post_tag","embeddable":true,"href":"https:\/\/www.badminton-marktheidenfeld.de\/wordpress\/wp-json\/wp\/v2\/tags?post=5216"}],"curies":[{"name":"wp","href":"https:\/\/api.w.org\/{rel}","templated":true}]}}