

{"id":5073,"date":"2018-09-21T11:40:50","date_gmt":"2018-09-21T09:40:50","guid":{"rendered":"http:\/\/www.badminton-marktheidenfeld.de\/wordpress\/?p=5073"},"modified":"2018-09-21T11:52:08","modified_gmt":"2018-09-21T09:52:08","slug":"neue-herausforderung-in-der-regionalliga","status":"publish","type":"post","link":"https:\/\/www.badminton-marktheidenfeld.de\/wordpress\/neue-herausforderung-in-der-regionalliga\/","title":{"rendered":"Neue Herausforderung in der Regionalliga"},"content":{"rendered":"<h2>Die zweite Mannschaft des TVM startet am Sonntag gegen den TSV Ansbach in die Regionalliga-Saison<\/h2>\n<p><strong>Sonntag, 29. September, 11 Uhr: TVM 2 \u2013 TSV Ansbach<\/strong><\/p>\n<p>Es ist geschafft! Nachdem der Aufstieg in die Regionalliga im Vorjahr auf ungl\u00fccklichste Weise misslungen ist, schaffte die TVM Reserve nun unangefochten den Sprung in die Regionalliga S\u00fcdOst Ost und freut sich auf die neue Herausforderung. Mit 17 Siegen in 18 Spielen und einem Punkteverh\u00e4ltnis von 35:1 lie\u00dfen die H\u00e4defelder ihrer Konkurrenz letztes Jahr nicht den Hauch einer Chance. Am kommenden Sonntag, 29. September, um 11 Uhr empf\u00e4ngt das Team den TSV Ansbach zum Regionalliga-Saisonauftakt in der Hans-Wilhelm-Renkhoff-Halle.<\/p>\n<p>Aufgrund zahlreicher Abmeldungen besteht die Regionalliga S\u00fcd-Ost Ost in dieser Saison nur aus sechs Mannschaften. Im folgenden Jahr sollen die Oststaffel und die S\u00fcdstaffel der Regionalliga S\u00fcdOst zusammengelegt werden. Wie viele Mannschaften pro Staffel zugelassen werden, ist wohl noch nicht endg\u00fcltig entschieden. Deshalb gilt es f\u00fcr den TVM, einen Platz unter den ersten Vier anzustreben, um einen direkten Wiederabstieg zu vermeiden. Mit der HSG DHfK Leipzig, dem TSV Dresden, dem ESV Fl\u00fcgelrad N\u00fcrnberg 1 &amp; 2 sowie dem TSV Ansbach trifft die h\u00e4defelder Zweite auf einen Mix aus jungen und erfahrenen Teams. Kann die Mannschaft in kompletter Formation antreten, ist jedoch gegen jeden dieser Gegner etwas zu holen.<\/p>\n<figure id=\"attachment_4933\" aria-describedby=\"caption-attachment-4933\" style=\"width: 505px\" class=\"wp-caption aligncenter\"><img loading=\"lazy\" decoding=\"async\" class=\" wp-image-4933\" src=\"https:\/\/www.badminton-marktheidenfeld.de\/wordpress\/wp-content\/uploads\/2018\/08\/2.-Mannschaft-300x195.jpg\" alt=\"\" width=\"505\" height=\"328\" srcset=\"https:\/\/www.badminton-marktheidenfeld.de\/wordpress\/wp-content\/uploads\/2018\/08\/2.-Mannschaft-300x195.jpg 300w, https:\/\/www.badminton-marktheidenfeld.de\/wordpress\/wp-content\/uploads\/2018\/08\/2.-Mannschaft-768x500.jpg 768w, https:\/\/www.badminton-marktheidenfeld.de\/wordpress\/wp-content\/uploads\/2018\/08\/2.-Mannschaft-1024x667.jpg 1024w, https:\/\/www.badminton-marktheidenfeld.de\/wordpress\/wp-content\/uploads\/2018\/08\/2.-Mannschaft.jpg 1776w\" sizes=\"auto, (max-width: 505px) 100vw, 505px\" \/><figcaption id=\"caption-attachment-4933\" class=\"wp-caption-text\">v.l.n.r.: Julian Burkhart, Moritz Unz, Steffen Gr\u00fcn, Ramona Sch\u00e4ffer, Joshua Redelbach, Theresa Redelbach, Jonas Gr\u00fcn, Heiko Piehl, Thomas Fuchs.<\/figcaption><\/figure>\n<h2>TVM setzt auf Eigengew\u00e4chse<\/h2>\n<p>Bis auf Jule Keil, die vornehmlich in der 2. Liga zum Einsatz kommen wird, sind alle Stammspieler der zweiten Mannschaft der eigenen Jugendarbeit entsprungen. Die Br\u00fcder Jonas (20) und Steffen Gr\u00fcn (18) z\u00e4hlen zu den gro\u00dfen Zukunftshoffnungen des Vereins und schlagen in diesem Jahr zum ersten Mal als Stammspieler in der Regionalliga auf. Christian Sch\u00e4ffer, der bereits auf viele Jahre an Regionalligaerfahrung zur\u00fcckblicken kann, und Thomas Fuchs komplettieren die Herren-Riege. Dahinter scharren mit Joshua Redelbach und Moritz Unz zwei weitere ambitionierte Nachwuchsspieler mit den Hufen und hoffen auf ihre ersten Eins\u00e4tze in der Regionalliga. Auch Kai Bastian und Julian Burkhart stehen als starker R\u00fcckhalt zur Verf\u00fcgung. Bei den Damen haben sowohl Ramona Sch\u00e4ffer als auch Theresa Redelbach schon reichlich Regionalligaerfahrung gesammelt und freuen sich auf die Herausforderung in der neuen Saison.<\/p>\n<p><strong>Der Kader im \u00dcberblick:<\/strong><\/p>\n<p>Jule Keil, Ramona Sch\u00e4ffer, Theresa Redelbach<br \/>\nJonas Gr\u00fcn, Steffen Gr\u00fcn, Christian Sch\u00e4ffer und Thomas Fuchs<\/p>\n","protected":false},"excerpt":{"rendered":"Die zweite Mannschaft des TVM startet am Sonntag gegen den TSV Ansbach in die Regionalliga-Saison Sonntag, 29. September, 11 Uhr: TVM 2 \u2013 \n<a class=\"moretag\" href=\"https:\/\/www.badminton-marktheidenfeld.de\/wordpress\/neue-herausforderung-in-der-regionalliga\/\"> [...]<\/a>","protected":false},"author":6,"featured_media":4933,"comment_status":"closed","ping_status":"closed","sticky":false,"template":"","format":"standard","meta":{"footnotes":""},"categories":[4,1],"tags":[56,48,55],"class_list":["post-5073","post","type-post","status-publish","format-standard","has-post-thumbnail","hentry","category-2mann","category-allgemein","tag-regionalliga","tag-saisonauftakt","tag-zweite-mannschaft"],"_links":{"self":[{"href":"https:\/\/www.badminton-marktheidenfeld.de\/wordpress\/wp-json\/wp\/v2\/posts\/5073","targetHints":{"allow":["GET"]}}],"collection":[{"href":"https:\/\/www.badminton-marktheidenfeld.de\/wordpress\/wp-json\/wp\/v2\/posts"}],"about":[{"href":"https:\/\/www.badminton-marktheidenfeld.de\/wordpress\/wp-json\/wp\/v2\/types\/post"}],"author":[{"embeddable":true,"href":"https:\/\/www.badminton-marktheidenfeld.de\/wordpress\/wp-json\/wp\/v2\/users\/6"}],"replies":[{"embeddable":true,"href":"https:\/\/www.badminton-marktheidenfeld.de\/wordpress\/wp-json\/wp\/v2\/comments?post=5073"}],"version-history":[{"count":1,"href":"https:\/\/www.badminton-marktheidenfeld.de\/wordpress\/wp-json\/wp\/v2\/posts\/5073\/revisions"}],"predecessor-version":[{"id":5074,"href":"https:\/\/www.badminton-marktheidenfeld.de\/wordpress\/wp-json\/wp\/v2\/posts\/5073\/revisions\/5074"}],"wp:featuredmedia":[{"embeddable":true,"href":"https:\/\/www.badminton-marktheidenfeld.de\/wordpress\/wp-json\/wp\/v2\/media\/4933"}],"wp:attachment":[{"href":"https:\/\/www.badminton-marktheidenfeld.de\/wordpress\/wp-json\/wp\/v2\/media?parent=5073"}],"wp:term":[{"taxonomy":"category","embeddable":true,"href":"https:\/\/www.badminton-marktheidenfeld.de\/wordpress\/wp-json\/wp\/v2\/categories?post=5073"},{"taxonomy":"post_tag","embeddable":true,"href":"https:\/\/www.badminton-marktheidenfeld.de\/wordpress\/wp-json\/wp\/v2\/tags?post=5073"}],"curies":[{"name":"wp","href":"https:\/\/api.w.org\/{rel}","templated":true}]}}