

{"id":181,"date":"2010-10-11T21:15:46","date_gmt":"2010-10-11T19:15:46","guid":{"rendered":"http:\/\/www.gruen-development.com\/wordpress\/?p=181"},"modified":"2010-10-11T21:15:46","modified_gmt":"2010-10-11T19:15:46","slug":"croatian-junior-international-und-croatian-adria-cup-porec-kroatien","status":"publish","type":"post","link":"https:\/\/www.badminton-marktheidenfeld.de\/wordpress\/croatian-junior-international-und-croatian-adria-cup-porec-kroatien\/","title":{"rendered":"Croatian Junior International und  Croatian Adria Cup, Porec (Kroatien)"},"content":{"rendered":"<p>Theresa Redelbach (U13), Jonas Gr\u00fcn (U13) und Fabian Specht (U19), drei Nachwuchsakteure des TV Marktheidenfeld, durften sich<\/p>\n<figure id=\"attachment_187\" aria-describedby=\"caption-attachment-187\" style=\"width: 180px\" class=\"wp-caption alignright\"><a href=\"https:\/\/www.badminton-marktheidenfeld.de\/wordpress\/wp-content\/uploads\/2010\/10\/porec.jpg\"><img loading=\"lazy\" decoding=\"async\" class=\"size-full wp-image-187 \" src=\"https:\/\/www.badminton-marktheidenfeld.de\/wordpress\/wp-content\/uploads\/2010\/10\/porec.jpg\" alt=\"Mixed: Theresa Redelbach\/Jonas Gr\u00fcn\" width=\"180\" height=\"240\" srcset=\"https:\/\/www.badminton-marktheidenfeld.de\/wordpress\/wp-content\/uploads\/2010\/10\/porec.jpg 300w, https:\/\/www.badminton-marktheidenfeld.de\/wordpress\/wp-content\/uploads\/2010\/10\/porec-225x300.jpg 225w\" sizes=\"auto, (max-width: 180px) 100vw, 180px\" \/><\/a><figcaption id=\"caption-attachment-187\" class=\"wp-caption-text\">Mixed: Theresa Redelbach\/Jonas Gr\u00fcn<\/figcaption><\/figure>\n<p>am\u00a0vergangenen Wochenende bei einem internationalen Badmintonturnier im kroatischen Porec mit Spielerinnen und Spielern aus zw\u00f6lf Nationen messen. Herausragend war dabei der dritte Platz von Theresa und Jonas im Mixed-Wettbewerb. Nach einem 21:19\/21:15 Sieg im Auftaktmatch gegen ein an Position drei gesetztes Mixed aus Ungarn und \u00c4gypten sowie einem weiteren Zweisatz-Triumph \u00fcber eine Paarung aus Kroatien und Tschechien mussten sich die zw\u00f6lfj\u00e4hrige Sch\u00fclerin und der gleichaltrige Sch\u00fcler erst im Halbfinale einem ungarischen Duo geschlagen geben. Im Einzel gelang beiden ein Sieg in der Gruppenphase, der aber nicht zum Einzug ins Achtelfinale reichte. In der Doppelkonkurrenz war f\u00fcr die zwei schon nach dem ersten Spiel das Turnier beendet.<\/p>\n<p>Fabian Specht stellte im Einzel seine gute Form unter Beweis, gewann seine ersten zwei Spiele deutlich, musste sich aber im Achtelfinale dem an eins gesetzten Slowenen Alen Roj in einem umk\u00e4mpften Dreisatzmatch geschlagen geben. W\u00e4hrend das Erstrundenaus mit einer ihm zugelosten \u00e4gyptischen Spielerin im Mixed zu erwarten war, wurde die knappe 21:23\/21:17\/20:22 Niederlage im Viertelfinale des Doppelwettbewerbs an der Seite seines Freyst\u00e4dter Partners Michael Teuber von dem zuletzt so erfolgreichen Paar als kleine Entt\u00e4uschung empfunden.<\/p>\n","protected":false},"excerpt":{"rendered":"Theresa Redelbach (U13), Jonas Gr\u00fcn (U13) und Fabian Specht (U19), drei Nachwuchsakteure des TV Marktheidenfeld, durften sich am\u00a0vergangenen Wochenende bei einem internationalen Badmintonturnier \n<a class=\"moretag\" href=\"https:\/\/www.badminton-marktheidenfeld.de\/wordpress\/croatian-junior-international-und-croatian-adria-cup-porec-kroatien\/\"> [...]<\/a>","protected":false},"author":1,"featured_media":0,"comment_status":"open","ping_status":"open","sticky":false,"template":"","format":"standard","meta":{"footnotes":""},"categories":[7,15],"tags":[],"class_list":["post-181","post","type-post","status-publish","format-standard","hentry","category-jugend","category-turniere"],"_links":{"self":[{"href":"https:\/\/www.badminton-marktheidenfeld.de\/wordpress\/wp-json\/wp\/v2\/posts\/181","targetHints":{"allow":["GET"]}}],"collection":[{"href":"https:\/\/www.badminton-marktheidenfeld.de\/wordpress\/wp-json\/wp\/v2\/posts"}],"about":[{"href":"https:\/\/www.badminton-marktheidenfeld.de\/wordpress\/wp-json\/wp\/v2\/types\/post"}],"author":[{"embeddable":true,"href":"https:\/\/www.badminton-marktheidenfeld.de\/wordpress\/wp-json\/wp\/v2\/users\/1"}],"replies":[{"embeddable":true,"href":"https:\/\/www.badminton-marktheidenfeld.de\/wordpress\/wp-json\/wp\/v2\/comments?post=181"}],"version-history":[{"count":0,"href":"https:\/\/www.badminton-marktheidenfeld.de\/wordpress\/wp-json\/wp\/v2\/posts\/181\/revisions"}],"wp:attachment":[{"href":"https:\/\/www.badminton-marktheidenfeld.de\/wordpress\/wp-json\/wp\/v2\/media?parent=181"}],"wp:term":[{"taxonomy":"category","embeddable":true,"href":"https:\/\/www.badminton-marktheidenfeld.de\/wordpress\/wp-json\/wp\/v2\/categories?post=181"},{"taxonomy":"post_tag","embeddable":true,"href":"https:\/\/www.badminton-marktheidenfeld.de\/wordpress\/wp-json\/wp\/v2\/tags?post=181"}],"curies":[{"name":"wp","href":"https:\/\/api.w.org\/{rel}","templated":true}]}}